{"id":5407,"date":"2026-09-01T21:06:22","date_gmt":"2026-09-01T18:06:22","guid":{"rendered":"https:\/\/balticfootballnews.com\/fr\/sinjavskij-forfait-jusqua-la-fin-de-la-saison-apres-une-rupture-des-croises\/"},"modified":"2026-09-01T21:06:22","modified_gmt":"2026-09-01T18:06:22","slug":"sinjavskij-forfait-jusqua-la-fin-de-la-saison-apres-une-rupture-des-croises","status":"publish","type":"post","link":"https:\/\/balticfootballnews.com\/fr\/sinjavskij-forfait-jusqua-la-fin-de-la-saison-apres-une-rupture-des-croises\/","title":{"rendered":"Sinjavskij forfait jusqu\u2019\u00e0 la fin de la saison apr\u00e8s une rupture des crois\u00e9s"},"content":{"rendered":"<p class=\"isSelectedEnd\"><strong>Le Ban\u00edk Ostrava, club de premi\u00e8re division tch\u00e8que, a annonc\u00e9 que l\u2019international estonien Vlasij Sinjavskij manquerait le reste de la saison apr\u00e8s une rupture compl\u00e8te du ligament crois\u00e9 ant\u00e9rieur du genou.<\/strong><\/p>\n<p class=\"isSelectedEnd\">Le joueur de 29 ans avait d\u00e9but\u00e9 les cinq matches de championnat disput\u00e9s cette saison, en disputant l\u2019int\u00e9gralit\u00e9 des 90 minutes \u00e0 trois reprises. Il s\u2019est bless\u00e9 samedi lors de la victoire 1-0 contre le Sigma Olomouc.<\/p>\n<p class=\"isSelectedEnd\">Le m\u00e9decin du club, Martin Mohyla, a confirm\u00e9 que Sinjavskij devrait \u00eatre op\u00e9r\u00e9. \u00ab Malheureusement, le ligament crois\u00e9 ant\u00e9rieur est rompu. Vlasij devra subir une op\u00e9ration, suivie d\u2019une p\u00e9riode de r\u00e9cup\u00e9ration de huit \u00e0 neuf mois \u00bb, a-t-il d\u00e9clar\u00e9.<\/p>\n<p>Le lat\u00e9ral gauche, qui compte 50 s\u00e9lections avec l\u2019Estonie, manquera donc \u00e9galement la prochaine campagne de Ligue des nations. L\u2019Estonie a \u00e9t\u00e9 tir\u00e9e au sort dans le groupe C, aux c\u00f4t\u00e9s de l\u2019Islande, du Luxembourg et de la Bulgarie.<\/p>\n<p><strong>Source :\u00a0<a href=\"https:\/\/www.fcb.cz\/clanek.asp?id=Vlasiy-Sinyavskiy-ma-po-sezone-12321\">https:\/\/www.fcb.cz\/clanek.asp?id=Vlasiy-Sinyavskiy-ma-po-sezone-12321<\/a><\/strong><\/p>\n","protected":false},"excerpt":{"rendered":"<p>Le Ban\u00edk Ostrava, club de premi\u00e8re division tch\u00e8que, a annonc\u00e9 que l\u2019international estonien Vlasij Sinjavskij manquerait le reste de la saison apr\u00e8s une rupture compl\u00e8te du ligament crois\u00e9 ant\u00e9rieur du genou.<\/p>\n","protected":false},"author":1,"featured_media":5406,"comment_status":"open","ping_status":"open","sticky":false,"template":"","format":"standard","meta":{"nf_dc_page":"","cybocfi_hide_featured_image":"","_jetpack_newsletter_access":"","_jetpack_dont_email_post_to_subs":false,"_jetpack_newsletter_tier_id":0,"_jetpack_memberships_contains_paywalled_content":false,"iawp_total_views":0,"_jetpack_memberships_contains_paid_content":false,"footnotes":"","_wpscppro_dont_share_socialmedia":false,"_wpscppro_custom_social_share_image":0,"_facebook_share_type":"","_twitter_share_type":"","_linkedin_share_type":"","_pinterest_share_type":"","_linkedin_share_type_page":"","_instagram_share_type":"","_medium_share_type":"","_threads_share_type":"","_google_business_share_type":"","_bluesky_share_type":"","_mastodon_share_type":"","_selected_social_profile":[],"_wpsp_enable_custom_social_template":false,"_wpsp_social_scheduling":{"enabled":false,"datetime":null,"platforms":[],"status":"template_only","dateOption":"today","timeOption":"now","customDays":"","customHours":"","customDate":"","customTime":"","schedulingType":"absolute"},"_wpsp_active_default_template":true},"categories":[41],"tags":[],"class_list":["post-5407","post","type-post","status-publish","format-standard","has-post-thumbnail","hentry","category-ee-abroad"],"aioseo_notices":[],"aioseo_head":"\n\t\t<!-- All in One SEO 4.9.10 - aioseo.com -->\n\t<meta name=\"description\" content=\"Le Ban\u00edk Ostrava, club de premi\u00e8re division tch\u00e8que, a annonc\u00e9 que l\u2019international estonien Vlasij Sinjavskij manquerait le reste de la saison apr\u00e8s une rupture compl\u00e8te du ligament crois\u00e9 ant\u00e9rieur du genou.\" \/>\n\t<meta name=\"robots\" content=\"max-image-preview:large\" \/>\n\t<meta name=\"author\" content=\"Ivo\"\/>\n\t<link rel=\"canonical\" href=\"https:\/\/balticfootballnews.com\/fr\/sinjavskij-forfait-jusqua-la-fin-de-la-saison-apres-une-rupture-des-croises\/\" \/>\n\t<meta name=\"generator\" content=\"All in One SEO (AIOSEO) 4.9.10\" \/>\n\t\t<meta property=\"og:locale\" content=\"fr_FR\" \/>\n\t\t<meta property=\"og:site_name\" content=\"L\u2019actualit\u00e9 du football balte - Des actualit\u00e9s sur le football letton, lituanien et estonien en fran\u00e7ais\" \/>\n\t\t<meta property=\"og:type\" content=\"article\" \/>\n\t\t<meta property=\"og:title\" content=\"Sinjavskij forfait jusqu\u2019\u00e0 la fin de la saison apr\u00e8s une rupture des crois\u00e9s - L\u2019actualit\u00e9 du football balte\" \/>\n\t\t<meta property=\"og:description\" content=\"Le Ban\u00edk Ostrava, club de premi\u00e8re division tch\u00e8que, a annonc\u00e9 que l\u2019international estonien Vlasij Sinjavskij manquerait le reste de la saison apr\u00e8s une rupture compl\u00e8te du ligament crois\u00e9 ant\u00e9rieur du genou.\" \/>\n\t\t<meta property=\"og:url\" content=\"https:\/\/balticfootballnews.com\/fr\/sinjavskij-forfait-jusqua-la-fin-de-la-saison-apres-une-rupture-des-croises\/\" \/>\n\t\t<meta property=\"og:image\" content=\"https:\/\/balticfootballnews.com\/fr\/wp-content\/uploads\/sites\/4\/2026\/09\/sinjavskij-forfait-jusqu-a-la-fin-de-la-saison-apres-une-rupture-des-croises.webp\" \/>\n\t\t<meta property=\"og:image:secure_url\" content=\"https:\/\/balticfootballnews.com\/fr\/wp-content\/uploads\/sites\/4\/2026\/09\/sinjavskij-forfait-jusqu-a-la-fin-de-la-saison-apres-une-rupture-des-croises.webp\" \/>\n\t\t<meta property=\"og:image:width\" content=\"1750\" \/>\n\t\t<meta property=\"og:image:height\" content=\"990\" \/>\n\t\t<meta property=\"article:published_time\" content=\"2026-09-01T18:06:22+00:00\" \/>\n\t\t<meta property=\"article:modified_time\" content=\"2026-09-01T18:06:22+00:00\" \/>\n\t\t<meta property=\"article:publisher\" content=\"https:\/\/www.facebook.com\/profile.php?id=61588293717850#\" \/>\n\t\t<meta name=\"twitter:card\" content=\"summary_large_image\" \/>\n\t\t<meta name=\"twitter:title\" content=\"Sinjavskij forfait jusqu\u2019\u00e0 la fin de la saison apr\u00e8s une rupture des crois\u00e9s - L\u2019actualit\u00e9 du football balte\" \/>\n\t\t<meta name=\"twitter:description\" content=\"Le Ban\u00edk Ostrava, club de premi\u00e8re division tch\u00e8que, a annonc\u00e9 que l\u2019international estonien Vlasij Sinjavskij manquerait le reste de la saison apr\u00e8s une rupture compl\u00e8te du ligament crois\u00e9 ant\u00e9rieur du genou.\" \/>\n\t\t<meta name=\"twitter:image\" content=\"https:\/\/balticfootballnews.com\/fr\/wp-content\/uploads\/sites\/4\/2026\/09\/sinjavskij-forfait-jusqu-a-la-fin-de-la-saison-apres-une-rupture-des-croises.webp\" \/>\n\t\t<script type=\"application\/ld+json\" class=\"aioseo-schema\">\n\t\t\t{\"@context\":\"https:\\\/\\\/schema.org\",\"@graph\":[{\"@type\":\"BlogPosting\",\"@id\":\"https:\\\/\\\/balticfootballnews.com\\\/fr\\\/sinjavskij-forfait-jusqua-la-fin-de-la-saison-apres-une-rupture-des-croises\\\/#blogposting\",\"name\":\"Sinjavskij forfait jusqu\\u2019\\u00e0 la fin de la saison apr\\u00e8s une rupture des crois\\u00e9s - L\\u2019actualit\\u00e9 du football balte\",\"headline\":\"Sinjavskij forfait jusqu\\u2019\\u00e0 la fin de la saison apr\\u00e8s une rupture des crois\\u00e9s\",\"author\":{\"@id\":\"https:\\\/\\\/balticfootballnews.com\\\/fr\\\/author\\\/thebalticfootball\\\/#author\"},\"publisher\":{\"@id\":\"https:\\\/\\\/balticfootballnews.com\\\/fr\\\/#organization\"},\"image\":{\"@type\":\"ImageObject\",\"url\":\"https:\\\/\\\/i0.wp.com\\\/balticfootballnews.com\\\/fr\\\/wp-content\\\/uploads\\\/sites\\\/4\\\/2026\\\/09\\\/sinjavskij-forfait-jusqu-a-la-fin-de-la-saison-apres-une-rupture-des-croises.webp?fit=1750%2C990&ssl=1\",\"width\":1750,\"height\":990,\"caption\":\"Vlasij Sinjavskij. Photo : Banik Ostrava\"},\"datePublished\":\"2026-09-01T21:06:22+03:00\",\"dateModified\":\"2026-09-01T21:06:22+03:00\",\"inLanguage\":\"fr-FR\",\"mainEntityOfPage\":{\"@id\":\"https:\\\/\\\/balticfootballnews.com\\\/fr\\\/sinjavskij-forfait-jusqua-la-fin-de-la-saison-apres-une-rupture-des-croises\\\/#webpage\"},\"isPartOf\":{\"@id\":\"https:\\\/\\\/balticfootballnews.com\\\/fr\\\/sinjavskij-forfait-jusqua-la-fin-de-la-saison-apres-une-rupture-des-croises\\\/#webpage\"},\"articleSection\":\"Estoniens \\u00e0 l'\\u00e9tranger\"},{\"@type\":\"BreadcrumbList\",\"@id\":\"https:\\\/\\\/balticfootballnews.com\\\/fr\\\/sinjavskij-forfait-jusqua-la-fin-de-la-saison-apres-une-rupture-des-croises\\\/#breadcrumblist\",\"itemListElement\":[{\"@type\":\"ListItem\",\"@id\":\"https:\\\/\\\/balticfootballnews.com\\\/fr#listItem\",\"position\":1,\"name\":\"Home\",\"item\":\"https:\\\/\\\/balticfootballnews.com\\\/fr\",\"nextItem\":{\"@type\":\"ListItem\",\"@id\":\"https:\\\/\\\/balticfootballnews.com\\\/fr\\\/category\\\/ee-abroad\\\/#listItem\",\"name\":\"Estoniens \\u00e0 l'\\u00e9tranger\"}},{\"@type\":\"ListItem\",\"@id\":\"https:\\\/\\\/balticfootballnews.com\\\/fr\\\/category\\\/ee-abroad\\\/#listItem\",\"position\":2,\"name\":\"Estoniens \\u00e0 l'\\u00e9tranger\",\"item\":\"https:\\\/\\\/balticfootballnews.com\\\/fr\\\/category\\\/ee-abroad\\\/\",\"nextItem\":{\"@type\":\"ListItem\",\"@id\":\"https:\\\/\\\/balticfootballnews.com\\\/fr\\\/sinjavskij-forfait-jusqua-la-fin-de-la-saison-apres-une-rupture-des-croises\\\/#listItem\",\"name\":\"Sinjavskij forfait jusqu\\u2019\\u00e0 la fin de la saison apr\\u00e8s une rupture des crois\\u00e9s\"},\"previousItem\":{\"@type\":\"ListItem\",\"@id\":\"https:\\\/\\\/balticfootballnews.com\\\/fr#listItem\",\"name\":\"Home\"}},{\"@type\":\"ListItem\",\"@id\":\"https:\\\/\\\/balticfootballnews.com\\\/fr\\\/sinjavskij-forfait-jusqua-la-fin-de-la-saison-apres-une-rupture-des-croises\\\/#listItem\",\"position\":3,\"name\":\"Sinjavskij forfait jusqu\\u2019\\u00e0 la fin de la saison apr\\u00e8s une rupture des crois\\u00e9s\",\"previousItem\":{\"@type\":\"ListItem\",\"@id\":\"https:\\\/\\\/balticfootballnews.com\\\/fr\\\/category\\\/ee-abroad\\\/#listItem\",\"name\":\"Estoniens \\u00e0 l'\\u00e9tranger\"}}]},{\"@type\":\"Organization\",\"@id\":\"https:\\\/\\\/balticfootballnews.com\\\/fr\\\/#organization\",\"name\":\"L\\u2019actualit\\u00e9 du football balte\",\"description\":\"Des actualit\\u00e9s sur le football letton, lituanien et estonien en fran\\u00e7ais\",\"url\":\"https:\\\/\\\/balticfootballnews.com\\\/fr\\\/\"},{\"@type\":\"Person\",\"@id\":\"https:\\\/\\\/balticfootballnews.com\\\/fr\\\/author\\\/thebalticfootball\\\/#author\",\"url\":\"https:\\\/\\\/balticfootballnews.com\\\/fr\\\/author\\\/thebalticfootball\\\/\",\"name\":\"Ivo\",\"image\":{\"@type\":\"ImageObject\",\"@id\":\"https:\\\/\\\/balticfootballnews.com\\\/fr\\\/sinjavskij-forfait-jusqua-la-fin-de-la-saison-apres-une-rupture-des-croises\\\/#authorImage\",\"url\":\"https:\\\/\\\/secure.gravatar.com\\\/avatar\\\/7d3bcd89c7c838f097c8ab19f827f742de39ae7fe6495c1d6fd27c6309404b78?s=96&d=mm&r=g\",\"width\":96,\"height\":96,\"caption\":\"Ivo\"}},{\"@type\":\"WebPage\",\"@id\":\"https:\\\/\\\/balticfootballnews.com\\\/fr\\\/sinjavskij-forfait-jusqua-la-fin-de-la-saison-apres-une-rupture-des-croises\\\/#webpage\",\"url\":\"https:\\\/\\\/balticfootballnews.com\\\/fr\\\/sinjavskij-forfait-jusqua-la-fin-de-la-saison-apres-une-rupture-des-croises\\\/\",\"name\":\"Sinjavskij forfait jusqu\\u2019\\u00e0 la fin de la saison apr\\u00e8s une rupture des crois\\u00e9s - L\\u2019actualit\\u00e9 du football balte\",\"description\":\"Le Ban\\u00edk Ostrava, club de premi\\u00e8re division tch\\u00e8que, a annonc\\u00e9 que l\\u2019international estonien Vlasij Sinjavskij manquerait le reste de la saison apr\\u00e8s une rupture compl\\u00e8te du ligament crois\\u00e9 ant\\u00e9rieur du genou.\",\"inLanguage\":\"fr-FR\",\"isPartOf\":{\"@id\":\"https:\\\/\\\/balticfootballnews.com\\\/fr\\\/#website\"},\"breadcrumb\":{\"@id\":\"https:\\\/\\\/balticfootballnews.com\\\/fr\\\/sinjavskij-forfait-jusqua-la-fin-de-la-saison-apres-une-rupture-des-croises\\\/#breadcrumblist\"},\"author\":{\"@id\":\"https:\\\/\\\/balticfootballnews.com\\\/fr\\\/author\\\/thebalticfootball\\\/#author\"},\"creator\":{\"@id\":\"https:\\\/\\\/balticfootballnews.com\\\/fr\\\/author\\\/thebalticfootball\\\/#author\"},\"image\":{\"@type\":\"ImageObject\",\"url\":\"https:\\\/\\\/i0.wp.com\\\/balticfootballnews.com\\\/fr\\\/wp-content\\\/uploads\\\/sites\\\/4\\\/2026\\\/09\\\/sinjavskij-forfait-jusqu-a-la-fin-de-la-saison-apres-une-rupture-des-croises.webp?fit=1750%2C990&ssl=1\",\"@id\":\"https:\\\/\\\/balticfootballnews.com\\\/fr\\\/sinjavskij-forfait-jusqua-la-fin-de-la-saison-apres-une-rupture-des-croises\\\/#mainImage\",\"width\":1750,\"height\":990,\"caption\":\"Vlasij Sinjavskij. Photo : Banik Ostrava\"},\"primaryImageOfPage\":{\"@id\":\"https:\\\/\\\/balticfootballnews.com\\\/fr\\\/sinjavskij-forfait-jusqua-la-fin-de-la-saison-apres-une-rupture-des-croises\\\/#mainImage\"},\"datePublished\":\"2026-09-01T21:06:22+03:00\",\"dateModified\":\"2026-09-01T21:06:22+03:00\"},{\"@type\":\"WebSite\",\"@id\":\"https:\\\/\\\/balticfootballnews.com\\\/fr\\\/#website\",\"url\":\"https:\\\/\\\/balticfootballnews.com\\\/fr\\\/\",\"name\":\"L\\u2019actualit\\u00e9 du football balte\",\"description\":\"Des actualit\\u00e9s sur le football letton, lituanien et estonien en fran\\u00e7ais\",\"inLanguage\":\"fr-FR\",\"publisher\":{\"@id\":\"https:\\\/\\\/balticfootballnews.com\\\/fr\\\/#organization\"}}]}\n\t\t<\/script>\n\t\t<!-- All in One SEO -->\n\n","aioseo_head_json":{"title":"Sinjavskij forfait jusqu\u2019\u00e0 la fin de la saison apr\u00e8s une rupture des crois\u00e9s - L\u2019actualit\u00e9 du football balte","description":"Le Ban\u00edk Ostrava, club de premi\u00e8re division tch\u00e8que, a annonc\u00e9 que l\u2019international estonien Vlasij Sinjavskij manquerait le reste de la saison apr\u00e8s une rupture compl\u00e8te du ligament crois\u00e9 ant\u00e9rieur du genou.","canonical_url":"https:\/\/balticfootballnews.com\/fr\/sinjavskij-forfait-jusqua-la-fin-de-la-saison-apres-une-rupture-des-croises\/","robots":"max-image-preview:large","keywords":"","webmasterTools":{"miscellaneous":""},"schema":{"@context":"https:\/\/schema.org","@graph":[{"@type":"BlogPosting","@id":"https:\/\/balticfootballnews.com\/fr\/sinjavskij-forfait-jusqua-la-fin-de-la-saison-apres-une-rupture-des-croises\/#blogposting","name":"Sinjavskij forfait jusqu\u2019\u00e0 la fin de la saison apr\u00e8s une rupture des crois\u00e9s - L\u2019actualit\u00e9 du football balte","headline":"Sinjavskij forfait jusqu\u2019\u00e0 la fin de la saison apr\u00e8s une rupture des crois\u00e9s","author":{"@id":"https:\/\/balticfootballnews.com\/fr\/author\/thebalticfootball\/#author"},"publisher":{"@id":"https:\/\/balticfootballnews.com\/fr\/#organization"},"image":{"@type":"ImageObject","url":"https:\/\/i0.wp.com\/balticfootballnews.com\/fr\/wp-content\/uploads\/sites\/4\/2026\/09\/sinjavskij-forfait-jusqu-a-la-fin-de-la-saison-apres-une-rupture-des-croises.webp?fit=1750%2C990&ssl=1","width":1750,"height":990,"caption":"Vlasij Sinjavskij. Photo : Banik Ostrava"},"datePublished":"2026-09-01T21:06:22+03:00","dateModified":"2026-09-01T21:06:22+03:00","inLanguage":"fr-FR","mainEntityOfPage":{"@id":"https:\/\/balticfootballnews.com\/fr\/sinjavskij-forfait-jusqua-la-fin-de-la-saison-apres-une-rupture-des-croises\/#webpage"},"isPartOf":{"@id":"https:\/\/balticfootballnews.com\/fr\/sinjavskij-forfait-jusqua-la-fin-de-la-saison-apres-une-rupture-des-croises\/#webpage"},"articleSection":"Estoniens \u00e0 l'\u00e9tranger"},{"@type":"BreadcrumbList","@id":"https:\/\/balticfootballnews.com\/fr\/sinjavskij-forfait-jusqua-la-fin-de-la-saison-apres-une-rupture-des-croises\/#breadcrumblist","itemListElement":[{"@type":"ListItem","@id":"https:\/\/balticfootballnews.com\/fr#listItem","position":1,"name":"Home","item":"https:\/\/balticfootballnews.com\/fr","nextItem":{"@type":"ListItem","@id":"https:\/\/balticfootballnews.com\/fr\/category\/ee-abroad\/#listItem","name":"Estoniens \u00e0 l'\u00e9tranger"}},{"@type":"ListItem","@id":"https:\/\/balticfootballnews.com\/fr\/category\/ee-abroad\/#listItem","position":2,"name":"Estoniens \u00e0 l'\u00e9tranger","item":"https:\/\/balticfootballnews.com\/fr\/category\/ee-abroad\/","nextItem":{"@type":"ListItem","@id":"https:\/\/balticfootballnews.com\/fr\/sinjavskij-forfait-jusqua-la-fin-de-la-saison-apres-une-rupture-des-croises\/#listItem","name":"Sinjavskij forfait jusqu\u2019\u00e0 la fin de la saison apr\u00e8s une rupture des crois\u00e9s"},"previousItem":{"@type":"ListItem","@id":"https:\/\/balticfootballnews.com\/fr#listItem","name":"Home"}},{"@type":"ListItem","@id":"https:\/\/balticfootballnews.com\/fr\/sinjavskij-forfait-jusqua-la-fin-de-la-saison-apres-une-rupture-des-croises\/#listItem","position":3,"name":"Sinjavskij forfait jusqu\u2019\u00e0 la fin de la saison apr\u00e8s une rupture des crois\u00e9s","previousItem":{"@type":"ListItem","@id":"https:\/\/balticfootballnews.com\/fr\/category\/ee-abroad\/#listItem","name":"Estoniens \u00e0 l'\u00e9tranger"}}]},{"@type":"Organization","@id":"https:\/\/balticfootballnews.com\/fr\/#organization","name":"L\u2019actualit\u00e9 du football balte","description":"Des actualit\u00e9s sur le football letton, lituanien et estonien en fran\u00e7ais","url":"https:\/\/balticfootballnews.com\/fr\/"},{"@type":"Person","@id":"https:\/\/balticfootballnews.com\/fr\/author\/thebalticfootball\/#author","url":"https:\/\/balticfootballnews.com\/fr\/author\/thebalticfootball\/","name":"Ivo","image":{"@type":"ImageObject","@id":"https:\/\/balticfootballnews.com\/fr\/sinjavskij-forfait-jusqua-la-fin-de-la-saison-apres-une-rupture-des-croises\/#authorImage","url":"https:\/\/secure.gravatar.com\/avatar\/7d3bcd89c7c838f097c8ab19f827f742de39ae7fe6495c1d6fd27c6309404b78?s=96&d=mm&r=g","width":96,"height":96,"caption":"Ivo"}},{"@type":"WebPage","@id":"https:\/\/balticfootballnews.com\/fr\/sinjavskij-forfait-jusqua-la-fin-de-la-saison-apres-une-rupture-des-croises\/#webpage","url":"https:\/\/balticfootballnews.com\/fr\/sinjavskij-forfait-jusqua-la-fin-de-la-saison-apres-une-rupture-des-croises\/","name":"Sinjavskij forfait jusqu\u2019\u00e0 la fin de la saison apr\u00e8s une rupture des crois\u00e9s - L\u2019actualit\u00e9 du football balte","description":"Le Ban\u00edk Ostrava, club de premi\u00e8re division tch\u00e8que, a annonc\u00e9 que l\u2019international estonien Vlasij Sinjavskij manquerait le reste de la saison apr\u00e8s une rupture compl\u00e8te du ligament crois\u00e9 ant\u00e9rieur du genou.","inLanguage":"fr-FR","isPartOf":{"@id":"https:\/\/balticfootballnews.com\/fr\/#website"},"breadcrumb":{"@id":"https:\/\/balticfootballnews.com\/fr\/sinjavskij-forfait-jusqua-la-fin-de-la-saison-apres-une-rupture-des-croises\/#breadcrumblist"},"author":{"@id":"https:\/\/balticfootballnews.com\/fr\/author\/thebalticfootball\/#author"},"creator":{"@id":"https:\/\/balticfootballnews.com\/fr\/author\/thebalticfootball\/#author"},"image":{"@type":"ImageObject","url":"https:\/\/i0.wp.com\/balticfootballnews.com\/fr\/wp-content\/uploads\/sites\/4\/2026\/09\/sinjavskij-forfait-jusqu-a-la-fin-de-la-saison-apres-une-rupture-des-croises.webp?fit=1750%2C990&ssl=1","@id":"https:\/\/balticfootballnews.com\/fr\/sinjavskij-forfait-jusqua-la-fin-de-la-saison-apres-une-rupture-des-croises\/#mainImage","width":1750,"height":990,"caption":"Vlasij Sinjavskij. Photo : Banik Ostrava"},"primaryImageOfPage":{"@id":"https:\/\/balticfootballnews.com\/fr\/sinjavskij-forfait-jusqua-la-fin-de-la-saison-apres-une-rupture-des-croises\/#mainImage"},"datePublished":"2026-09-01T21:06:22+03:00","dateModified":"2026-09-01T21:06:22+03:00"},{"@type":"WebSite","@id":"https:\/\/balticfootballnews.com\/fr\/#website","url":"https:\/\/balticfootballnews.com\/fr\/","name":"L\u2019actualit\u00e9 du football balte","description":"Des actualit\u00e9s sur le football letton, lituanien et estonien en fran\u00e7ais","inLanguage":"fr-FR","publisher":{"@id":"https:\/\/balticfootballnews.com\/fr\/#organization"}}]},"og:locale":"fr_FR","og:site_name":"L\u2019actualit\u00e9 du football balte - Des actualit\u00e9s sur le football letton, lituanien et estonien en fran\u00e7ais","og:type":"article","og:title":"Sinjavskij forfait jusqu\u2019\u00e0 la fin de la saison apr\u00e8s une rupture des crois\u00e9s - L\u2019actualit\u00e9 du football balte","og:description":"Le Ban\u00edk Ostrava, club de premi\u00e8re division tch\u00e8que, a annonc\u00e9 que l\u2019international estonien Vlasij Sinjavskij manquerait le reste de la saison apr\u00e8s une rupture compl\u00e8te du ligament crois\u00e9 ant\u00e9rieur du genou.","og:url":"https:\/\/balticfootballnews.com\/fr\/sinjavskij-forfait-jusqua-la-fin-de-la-saison-apres-une-rupture-des-croises\/","og:image":"https:\/\/balticfootballnews.com\/fr\/wp-content\/uploads\/sites\/4\/2026\/09\/sinjavskij-forfait-jusqu-a-la-fin-de-la-saison-apres-une-rupture-des-croises.webp","og:image:secure_url":"https:\/\/balticfootballnews.com\/fr\/wp-content\/uploads\/sites\/4\/2026\/09\/sinjavskij-forfait-jusqu-a-la-fin-de-la-saison-apres-une-rupture-des-croises.webp","og:image:width":1750,"og:image:height":990,"article:published_time":"2026-09-01T18:06:22+00:00","article:modified_time":"2026-09-01T18:06:22+00:00","article:publisher":"https:\/\/www.facebook.com\/profile.php?id=61588293717850#","twitter:card":"summary_large_image","twitter:title":"Sinjavskij forfait jusqu\u2019\u00e0 la fin de la saison apr\u00e8s une rupture des crois\u00e9s - L\u2019actualit\u00e9 du football balte","twitter:description":"Le Ban\u00edk Ostrava, club de premi\u00e8re division tch\u00e8que, a annonc\u00e9 que l\u2019international estonien Vlasij Sinjavskij manquerait le reste de la saison apr\u00e8s une rupture compl\u00e8te du ligament crois\u00e9 ant\u00e9rieur du genou.","twitter:image":"https:\/\/balticfootballnews.com\/fr\/wp-content\/uploads\/sites\/4\/2026\/09\/sinjavskij-forfait-jusqu-a-la-fin-de-la-saison-apres-une-rupture-des-croises.webp"},"aioseo_meta_data":[],"aioseo_breadcrumb":"<div class=\"aioseo-breadcrumbs\"><span class=\"aioseo-breadcrumb\">\n\t\t\t<a href=\"https:\/\/balticfootballnews.com\/fr\" title=\"Home\">Home<\/a>\n\t\t<\/span><span class=\"aioseo-breadcrumb-separator\">&raquo;<\/span><span class=\"aioseo-breadcrumb\">\n\t\t\t<a href=\"https:\/\/balticfootballnews.com\/fr\/category\/ee-abroad\/\" title=\"Estoniens \u00e0 l&#039;\u00e9tranger\">Estoniens \u00e0 l'\u00e9tranger<\/a>\n\t\t<\/span><span class=\"aioseo-breadcrumb-separator\">&raquo;<\/span><span class=\"aioseo-breadcrumb\">\n\t\t\tSinjavskij forfait jusqu\u2019\u00e0 la fin de la saison apr\u00e8s une rupture des crois\u00e9s\n\t\t<\/span><\/div>","aioseo_breadcrumb_json":[{"label":"Home","link":"https:\/\/balticfootballnews.com\/fr"},{"label":"Estoniens \u00e0 l'\u00e9tranger","link":"https:\/\/balticfootballnews.com\/fr\/category\/ee-abroad\/"},{"label":"Sinjavskij forfait jusqu\u2019\u00e0 la fin de la saison apr\u00e8s une rupture des crois\u00e9s","link":"https:\/\/balticfootballnews.com\/fr\/sinjavskij-forfait-jusqua-la-fin-de-la-saison-apres-une-rupture-des-croises\/"}],"jetpack_featured_media_url":"https:\/\/i0.wp.com\/balticfootballnews.com\/fr\/wp-content\/uploads\/sites\/4\/2026\/09\/sinjavskij-forfait-jusqu-a-la-fin-de-la-saison-apres-une-rupture-des-croises.webp?fit=1750%2C990&ssl=1","jetpack_sharing_enabled":true,"_links":{"self":[{"href":"https:\/\/balticfootballnews.com\/fr\/wp-json\/wp\/v2\/posts\/5407","targetHints":{"allow":["GET"]}}],"collection":[{"href":"https:\/\/balticfootballnews.com\/fr\/wp-json\/wp\/v2\/posts"}],"about":[{"href":"https:\/\/balticfootballnews.com\/fr\/wp-json\/wp\/v2\/types\/post"}],"author":[{"embeddable":true,"href":"https:\/\/balticfootballnews.com\/fr\/wp-json\/wp\/v2\/users\/1"}],"replies":[{"embeddable":true,"href":"https:\/\/balticfootballnews.com\/fr\/wp-json\/wp\/v2\/comments?post=5407"}],"version-history":[{"count":0,"href":"https:\/\/balticfootballnews.com\/fr\/wp-json\/wp\/v2\/posts\/5407\/revisions"}],"wp:featuredmedia":[{"embeddable":true,"href":"https:\/\/balticfootballnews.com\/fr\/wp-json\/wp\/v2\/media\/5406"}],"wp:attachment":[{"href":"https:\/\/balticfootballnews.com\/fr\/wp-json\/wp\/v2\/media?parent=5407"}],"wp:term":[{"taxonomy":"category","embeddable":true,"href":"https:\/\/balticfootballnews.com\/fr\/wp-json\/wp\/v2\/categories?post=5407"},{"taxonomy":"post_tag","embeddable":true,"href":"https:\/\/balticfootballnews.com\/fr\/wp-json\/wp\/v2\/tags?post=5407"}],"curies":[{"name":"wp","href":"https:\/\/api.w.org\/{rel}","templated":true}]}}