{"id":5405,"date":"2026-09-01T16:27:38","date_gmt":"2026-09-01T13:27:38","guid":{"rendered":"https:\/\/balticfootballnews.com\/fr\/patrik-kristal-rejoint-le-champion-suisse-fc-thun-en-pret\/"},"modified":"2026-09-01T16:27:38","modified_gmt":"2026-09-01T13:27:38","slug":"patrik-kristal-rejoint-le-champion-suisse-fc-thun-en-pret","status":"publish","type":"post","link":"https:\/\/balticfootballnews.com\/fr\/patrik-kristal-rejoint-le-champion-suisse-fc-thun-en-pret\/","title":{"rendered":"Patrik Kristal rejoint le champion suisse FC Thun en pr\u00eat"},"content":{"rendered":"<p class=\"isSelectedEnd\"><strong>Le milieu de terrain estonien Patrik Kristal a rejoint le champion suisse FC Thun en provenance du 1. FC K\u00f6ln dans le cadre d\u2019un pr\u00eat initial d\u2019un an, assorti d\u2019une option d\u2019achat pour le club suisse.<\/strong><\/p>\n<p class=\"isSelectedEnd\">Kristal, qui f\u00eatera ses 19 ans en novembre, a rejoint le K\u00f6ln au d\u00e9but de l\u2019ann\u00e9e 2025 et a d\u2019abord \u00e9volu\u00e9 avec l\u2019\u00e9quipe r\u00e9serve du club, en quatri\u00e8me division allemande. Il a int\u00e9gr\u00e9 le groupe professionnel durant la pr\u00e9paration et disput\u00e9 des matches amicaux, mais a \u00e9t\u00e9 confront\u00e9 \u00e0 une forte concurrence pour une place en \u00e9quipe premi\u00e8re.<\/p>\n<p class=\"isSelectedEnd\">La saison derni\u00e8re, le milieu de 18 ans a disput\u00e9 28 rencontres avec la r\u00e9serve du K\u00f6ln en Regionalliga, d\u00e9livrant deux passes d\u00e9cisives.<\/p>\n<p class=\"isSelectedEnd\">\u00c0 Thun, Kristal retrouvera son compatriote et international estonien Mattias K\u00e4it, qui entame sa deuxi\u00e8me saison avec le club. Thun a connu un d\u00e9but de campagne irr\u00e9gulier, avec deux victoires et deux d\u00e9faites lors de ses quatre premiers matches, dont un revers 6-0 face aux Young Boys. Le club s\u2019est r\u00e9cemment impos\u00e9 4-3 contre St. Gallen.<\/p>\n<p>Avant de rejoindre l\u2019Allemagne, Kristal a jou\u00e9 pour Levadia et Paide. Lorsqu\u2019il \u00e9voluait \u00e0 Levadia, il est devenu le plus jeune joueur de l\u2019histoire du championnat estonien \u00e0 disputer un match dans l\u2019\u00e9lite, un record qu\u2019il d\u00e9tient toujours.<\/p>\n<p><strong>Source\u00a0: <a href=\"https:\/\/www.fcthun.ch\/de\/news\/2026\/leihe-patrik-kristal\">https:\/\/www.fcthun.ch\/de\/news\/2026\/leihe-patrik-kristal<\/a><\/strong><\/p>\n","protected":false},"excerpt":{"rendered":"<p>Le milieu de terrain estonien Patrik Kristal a rejoint le champion suisse FC Thun en provenance du 1. FC K\u00f6ln dans le cadre d\u2019un pr\u00eat initial d\u2019un an. Le joueur de 18 ans, qui f\u00eatera ses 19 ans en novembre, retrouvera son compatriote Mattias K\u00e4it en Suisse. Thun dispose \u00e9galement d\u2019une option d\u2019achat \u00e0 l\u2019issue de la p\u00e9riode de pr\u00eat.<\/p>\n","protected":false},"author":1,"featured_media":5404,"comment_status":"open","ping_status":"open","sticky":false,"template":"","format":"standard","meta":{"nf_dc_page":"","cybocfi_hide_featured_image":"","_jetpack_newsletter_access":"","_jetpack_dont_email_post_to_subs":false,"_jetpack_newsletter_tier_id":0,"_jetpack_memberships_contains_paywalled_content":false,"iawp_total_views":0,"_jetpack_memberships_contains_paid_content":false,"footnotes":"","_wpscppro_dont_share_socialmedia":false,"_wpscppro_custom_social_share_image":0,"_facebook_share_type":"","_twitter_share_type":"","_linkedin_share_type":"","_pinterest_share_type":"","_linkedin_share_type_page":"","_instagram_share_type":"","_medium_share_type":"","_threads_share_type":"","_google_business_share_type":"","_bluesky_share_type":"","_mastodon_share_type":"","_selected_social_profile":[],"_wpsp_enable_custom_social_template":false,"_wpsp_social_scheduling":{"enabled":false,"datetime":null,"platforms":[],"status":"template_only","dateOption":"today","timeOption":"now","customDays":"","customHours":"","customDate":"","customTime":"","schedulingType":"absolute"},"_wpsp_active_default_template":true},"categories":[41,43],"tags":[],"class_list":["post-5405","post","type-post","status-publish","format-standard","has-post-thumbnail","hentry","category-ee-abroad","category-transfers"],"aioseo_notices":[],"aioseo_head":"\n\t\t<!-- All in One SEO 4.9.10 - aioseo.com -->\n\t<meta name=\"description\" content=\"Le milieu de terrain estonien Patrik Kristal a rejoint le champion suisse FC Thun en provenance du 1. FC K\u00f6ln dans le cadre d\u2019un pr\u00eat initial d\u2019un an. Le joueur de 18 ans, qui f\u00eatera ses 19 ans en novembre, retrouvera son compatriote Mattias K\u00e4it en Suisse. Thun dispose \u00e9galement d\u2019une option d\u2019achat \u00e0 l\u2019issue de la p\u00e9riode de pr\u00eat.\" \/>\n\t<meta name=\"robots\" content=\"max-image-preview:large\" \/>\n\t<meta name=\"author\" content=\"Ivo\"\/>\n\t<link rel=\"canonical\" href=\"https:\/\/balticfootballnews.com\/fr\/patrik-kristal-rejoint-le-champion-suisse-fc-thun-en-pret\/\" \/>\n\t<meta name=\"generator\" content=\"All in One SEO (AIOSEO) 4.9.10\" \/>\n\t\t<meta property=\"og:locale\" content=\"fr_FR\" \/>\n\t\t<meta property=\"og:site_name\" content=\"L\u2019actualit\u00e9 du football balte - Des actualit\u00e9s sur le football letton, lituanien et estonien en fran\u00e7ais\" \/>\n\t\t<meta property=\"og:type\" content=\"article\" \/>\n\t\t<meta property=\"og:title\" content=\"Patrik Kristal rejoint le champion suisse FC Thun en pr\u00eat - L\u2019actualit\u00e9 du football balte\" \/>\n\t\t<meta property=\"og:description\" content=\"Le milieu de terrain estonien Patrik Kristal a rejoint le champion suisse FC Thun en provenance du 1. FC K\u00f6ln dans le cadre d\u2019un pr\u00eat initial d\u2019un an. Le joueur de 18 ans, qui f\u00eatera ses 19 ans en novembre, retrouvera son compatriote Mattias K\u00e4it en Suisse. Thun dispose \u00e9galement d\u2019une option d\u2019achat \u00e0 l\u2019issue de la p\u00e9riode de pr\u00eat.\" \/>\n\t\t<meta property=\"og:url\" content=\"https:\/\/balticfootballnews.com\/fr\/patrik-kristal-rejoint-le-champion-suisse-fc-thun-en-pret\/\" \/>\n\t\t<meta property=\"og:image\" content=\"https:\/\/balticfootballnews.com\/fr\/wp-content\/uploads\/sites\/4\/2026\/09\/patrik-kristal-rejoint-le-champion-suisse-fc-thun-en-pret.webp\" \/>\n\t\t<meta property=\"og:image:secure_url\" content=\"https:\/\/balticfootballnews.com\/fr\/wp-content\/uploads\/sites\/4\/2026\/09\/patrik-kristal-rejoint-le-champion-suisse-fc-thun-en-pret.webp\" \/>\n\t\t<meta property=\"og:image:width\" content=\"1922\" \/>\n\t\t<meta property=\"og:image:height\" content=\"1282\" \/>\n\t\t<meta property=\"article:published_time\" content=\"2026-09-01T13:27:38+00:00\" \/>\n\t\t<meta property=\"article:modified_time\" content=\"2026-09-01T13:27:38+00:00\" \/>\n\t\t<meta property=\"article:publisher\" content=\"https:\/\/www.facebook.com\/profile.php?id=61588293717850#\" \/>\n\t\t<meta name=\"twitter:card\" content=\"summary_large_image\" \/>\n\t\t<meta name=\"twitter:title\" content=\"Patrik Kristal rejoint le champion suisse FC Thun en pr\u00eat - L\u2019actualit\u00e9 du football balte\" \/>\n\t\t<meta name=\"twitter:description\" content=\"Le milieu de terrain estonien Patrik Kristal a rejoint le champion suisse FC Thun en provenance du 1. FC K\u00f6ln dans le cadre d\u2019un pr\u00eat initial d\u2019un an. Le joueur de 18 ans, qui f\u00eatera ses 19 ans en novembre, retrouvera son compatriote Mattias K\u00e4it en Suisse. Thun dispose \u00e9galement d\u2019une option d\u2019achat \u00e0 l\u2019issue de la p\u00e9riode de pr\u00eat.\" \/>\n\t\t<meta name=\"twitter:image\" content=\"https:\/\/balticfootballnews.com\/fr\/wp-content\/uploads\/sites\/4\/2026\/09\/patrik-kristal-rejoint-le-champion-suisse-fc-thun-en-pret.webp\" \/>\n\t\t<script type=\"application\/ld+json\" class=\"aioseo-schema\">\n\t\t\t{\"@context\":\"https:\\\/\\\/schema.org\",\"@graph\":[{\"@type\":\"BlogPosting\",\"@id\":\"https:\\\/\\\/balticfootballnews.com\\\/fr\\\/patrik-kristal-rejoint-le-champion-suisse-fc-thun-en-pret\\\/#blogposting\",\"name\":\"Patrik Kristal rejoint le champion suisse FC Thun en pr\\u00eat - L\\u2019actualit\\u00e9 du football balte\",\"headline\":\"Patrik Kristal rejoint le champion suisse FC Thun en pr\\u00eat\",\"author\":{\"@id\":\"https:\\\/\\\/balticfootballnews.com\\\/fr\\\/author\\\/thebalticfootball\\\/#author\"},\"publisher\":{\"@id\":\"https:\\\/\\\/balticfootballnews.com\\\/fr\\\/#organization\"},\"image\":{\"@type\":\"ImageObject\",\"url\":\"https:\\\/\\\/i0.wp.com\\\/balticfootballnews.com\\\/fr\\\/wp-content\\\/uploads\\\/sites\\\/4\\\/2026\\\/09\\\/patrik-kristal-rejoint-le-champion-suisse-fc-thun-en-pret.webp?fit=1922%2C1282&ssl=1\",\"width\":1922,\"height\":1282,\"caption\":\"Patrik Kristal. Photo : Thun\"},\"datePublished\":\"2026-09-01T16:27:38+03:00\",\"dateModified\":\"2026-09-01T16:27:38+03:00\",\"inLanguage\":\"fr-FR\",\"mainEntityOfPage\":{\"@id\":\"https:\\\/\\\/balticfootballnews.com\\\/fr\\\/patrik-kristal-rejoint-le-champion-suisse-fc-thun-en-pret\\\/#webpage\"},\"isPartOf\":{\"@id\":\"https:\\\/\\\/balticfootballnews.com\\\/fr\\\/patrik-kristal-rejoint-le-champion-suisse-fc-thun-en-pret\\\/#webpage\"},\"articleSection\":\"Estoniens \\u00e0 l'\\u00e9tranger, Transferts\"},{\"@type\":\"BreadcrumbList\",\"@id\":\"https:\\\/\\\/balticfootballnews.com\\\/fr\\\/patrik-kristal-rejoint-le-champion-suisse-fc-thun-en-pret\\\/#breadcrumblist\",\"itemListElement\":[{\"@type\":\"ListItem\",\"@id\":\"https:\\\/\\\/balticfootballnews.com\\\/fr#listItem\",\"position\":1,\"name\":\"Home\",\"item\":\"https:\\\/\\\/balticfootballnews.com\\\/fr\",\"nextItem\":{\"@type\":\"ListItem\",\"@id\":\"https:\\\/\\\/balticfootballnews.com\\\/fr\\\/category\\\/ee-abroad\\\/#listItem\",\"name\":\"Estoniens \\u00e0 l'\\u00e9tranger\"}},{\"@type\":\"ListItem\",\"@id\":\"https:\\\/\\\/balticfootballnews.com\\\/fr\\\/category\\\/ee-abroad\\\/#listItem\",\"position\":2,\"name\":\"Estoniens \\u00e0 l'\\u00e9tranger\",\"item\":\"https:\\\/\\\/balticfootballnews.com\\\/fr\\\/category\\\/ee-abroad\\\/\",\"nextItem\":{\"@type\":\"ListItem\",\"@id\":\"https:\\\/\\\/balticfootballnews.com\\\/fr\\\/patrik-kristal-rejoint-le-champion-suisse-fc-thun-en-pret\\\/#listItem\",\"name\":\"Patrik Kristal rejoint le champion suisse FC Thun en pr\\u00eat\"},\"previousItem\":{\"@type\":\"ListItem\",\"@id\":\"https:\\\/\\\/balticfootballnews.com\\\/fr#listItem\",\"name\":\"Home\"}},{\"@type\":\"ListItem\",\"@id\":\"https:\\\/\\\/balticfootballnews.com\\\/fr\\\/patrik-kristal-rejoint-le-champion-suisse-fc-thun-en-pret\\\/#listItem\",\"position\":3,\"name\":\"Patrik Kristal rejoint le champion suisse FC Thun en pr\\u00eat\",\"previousItem\":{\"@type\":\"ListItem\",\"@id\":\"https:\\\/\\\/balticfootballnews.com\\\/fr\\\/category\\\/ee-abroad\\\/#listItem\",\"name\":\"Estoniens \\u00e0 l'\\u00e9tranger\"}}]},{\"@type\":\"Organization\",\"@id\":\"https:\\\/\\\/balticfootballnews.com\\\/fr\\\/#organization\",\"name\":\"L\\u2019actualit\\u00e9 du football balte\",\"description\":\"Des actualit\\u00e9s sur le football letton, lituanien et estonien en fran\\u00e7ais\",\"url\":\"https:\\\/\\\/balticfootballnews.com\\\/fr\\\/\"},{\"@type\":\"Person\",\"@id\":\"https:\\\/\\\/balticfootballnews.com\\\/fr\\\/author\\\/thebalticfootball\\\/#author\",\"url\":\"https:\\\/\\\/balticfootballnews.com\\\/fr\\\/author\\\/thebalticfootball\\\/\",\"name\":\"Ivo\",\"image\":{\"@type\":\"ImageObject\",\"@id\":\"https:\\\/\\\/balticfootballnews.com\\\/fr\\\/patrik-kristal-rejoint-le-champion-suisse-fc-thun-en-pret\\\/#authorImage\",\"url\":\"https:\\\/\\\/secure.gravatar.com\\\/avatar\\\/7d3bcd89c7c838f097c8ab19f827f742de39ae7fe6495c1d6fd27c6309404b78?s=96&d=mm&r=g\",\"width\":96,\"height\":96,\"caption\":\"Ivo\"}},{\"@type\":\"WebPage\",\"@id\":\"https:\\\/\\\/balticfootballnews.com\\\/fr\\\/patrik-kristal-rejoint-le-champion-suisse-fc-thun-en-pret\\\/#webpage\",\"url\":\"https:\\\/\\\/balticfootballnews.com\\\/fr\\\/patrik-kristal-rejoint-le-champion-suisse-fc-thun-en-pret\\\/\",\"name\":\"Patrik Kristal rejoint le champion suisse FC Thun en pr\\u00eat - L\\u2019actualit\\u00e9 du football balte\",\"description\":\"Le milieu de terrain estonien Patrik Kristal a rejoint le champion suisse FC Thun en provenance du 1. FC K\\u00f6ln dans le cadre d\\u2019un pr\\u00eat initial d\\u2019un an. Le joueur de 18 ans, qui f\\u00eatera ses 19 ans en novembre, retrouvera son compatriote Mattias K\\u00e4it en Suisse. Thun dispose \\u00e9galement d\\u2019une option d\\u2019achat \\u00e0 l\\u2019issue de la p\\u00e9riode de pr\\u00eat.\",\"inLanguage\":\"fr-FR\",\"isPartOf\":{\"@id\":\"https:\\\/\\\/balticfootballnews.com\\\/fr\\\/#website\"},\"breadcrumb\":{\"@id\":\"https:\\\/\\\/balticfootballnews.com\\\/fr\\\/patrik-kristal-rejoint-le-champion-suisse-fc-thun-en-pret\\\/#breadcrumblist\"},\"author\":{\"@id\":\"https:\\\/\\\/balticfootballnews.com\\\/fr\\\/author\\\/thebalticfootball\\\/#author\"},\"creator\":{\"@id\":\"https:\\\/\\\/balticfootballnews.com\\\/fr\\\/author\\\/thebalticfootball\\\/#author\"},\"image\":{\"@type\":\"ImageObject\",\"url\":\"https:\\\/\\\/i0.wp.com\\\/balticfootballnews.com\\\/fr\\\/wp-content\\\/uploads\\\/sites\\\/4\\\/2026\\\/09\\\/patrik-kristal-rejoint-le-champion-suisse-fc-thun-en-pret.webp?fit=1922%2C1282&ssl=1\",\"@id\":\"https:\\\/\\\/balticfootballnews.com\\\/fr\\\/patrik-kristal-rejoint-le-champion-suisse-fc-thun-en-pret\\\/#mainImage\",\"width\":1922,\"height\":1282,\"caption\":\"Patrik Kristal. Photo : Thun\"},\"primaryImageOfPage\":{\"@id\":\"https:\\\/\\\/balticfootballnews.com\\\/fr\\\/patrik-kristal-rejoint-le-champion-suisse-fc-thun-en-pret\\\/#mainImage\"},\"datePublished\":\"2026-09-01T16:27:38+03:00\",\"dateModified\":\"2026-09-01T16:27:38+03:00\"},{\"@type\":\"WebSite\",\"@id\":\"https:\\\/\\\/balticfootballnews.com\\\/fr\\\/#website\",\"url\":\"https:\\\/\\\/balticfootballnews.com\\\/fr\\\/\",\"name\":\"L\\u2019actualit\\u00e9 du football balte\",\"description\":\"Des actualit\\u00e9s sur le football letton, lituanien et estonien en fran\\u00e7ais\",\"inLanguage\":\"fr-FR\",\"publisher\":{\"@id\":\"https:\\\/\\\/balticfootballnews.com\\\/fr\\\/#organization\"}}]}\n\t\t<\/script>\n\t\t<!-- All in One SEO -->\n\n","aioseo_head_json":{"title":"Patrik Kristal rejoint le champion suisse FC Thun en pr\u00eat - L\u2019actualit\u00e9 du football balte","description":"Le milieu de terrain estonien Patrik Kristal a rejoint le champion suisse FC Thun en provenance du 1. FC K\u00f6ln dans le cadre d\u2019un pr\u00eat initial d\u2019un an. Le joueur de 18 ans, qui f\u00eatera ses 19 ans en novembre, retrouvera son compatriote Mattias K\u00e4it en Suisse. Thun dispose \u00e9galement d\u2019une option d\u2019achat \u00e0 l\u2019issue de la p\u00e9riode de pr\u00eat.","canonical_url":"https:\/\/balticfootballnews.com\/fr\/patrik-kristal-rejoint-le-champion-suisse-fc-thun-en-pret\/","robots":"max-image-preview:large","keywords":"","webmasterTools":{"miscellaneous":""},"schema":{"@context":"https:\/\/schema.org","@graph":[{"@type":"BlogPosting","@id":"https:\/\/balticfootballnews.com\/fr\/patrik-kristal-rejoint-le-champion-suisse-fc-thun-en-pret\/#blogposting","name":"Patrik Kristal rejoint le champion suisse FC Thun en pr\u00eat - L\u2019actualit\u00e9 du football balte","headline":"Patrik Kristal rejoint le champion suisse FC Thun en pr\u00eat","author":{"@id":"https:\/\/balticfootballnews.com\/fr\/author\/thebalticfootball\/#author"},"publisher":{"@id":"https:\/\/balticfootballnews.com\/fr\/#organization"},"image":{"@type":"ImageObject","url":"https:\/\/i0.wp.com\/balticfootballnews.com\/fr\/wp-content\/uploads\/sites\/4\/2026\/09\/patrik-kristal-rejoint-le-champion-suisse-fc-thun-en-pret.webp?fit=1922%2C1282&ssl=1","width":1922,"height":1282,"caption":"Patrik Kristal. Photo : Thun"},"datePublished":"2026-09-01T16:27:38+03:00","dateModified":"2026-09-01T16:27:38+03:00","inLanguage":"fr-FR","mainEntityOfPage":{"@id":"https:\/\/balticfootballnews.com\/fr\/patrik-kristal-rejoint-le-champion-suisse-fc-thun-en-pret\/#webpage"},"isPartOf":{"@id":"https:\/\/balticfootballnews.com\/fr\/patrik-kristal-rejoint-le-champion-suisse-fc-thun-en-pret\/#webpage"},"articleSection":"Estoniens \u00e0 l'\u00e9tranger, Transferts"},{"@type":"BreadcrumbList","@id":"https:\/\/balticfootballnews.com\/fr\/patrik-kristal-rejoint-le-champion-suisse-fc-thun-en-pret\/#breadcrumblist","itemListElement":[{"@type":"ListItem","@id":"https:\/\/balticfootballnews.com\/fr#listItem","position":1,"name":"Home","item":"https:\/\/balticfootballnews.com\/fr","nextItem":{"@type":"ListItem","@id":"https:\/\/balticfootballnews.com\/fr\/category\/ee-abroad\/#listItem","name":"Estoniens \u00e0 l'\u00e9tranger"}},{"@type":"ListItem","@id":"https:\/\/balticfootballnews.com\/fr\/category\/ee-abroad\/#listItem","position":2,"name":"Estoniens \u00e0 l'\u00e9tranger","item":"https:\/\/balticfootballnews.com\/fr\/category\/ee-abroad\/","nextItem":{"@type":"ListItem","@id":"https:\/\/balticfootballnews.com\/fr\/patrik-kristal-rejoint-le-champion-suisse-fc-thun-en-pret\/#listItem","name":"Patrik Kristal rejoint le champion suisse FC Thun en pr\u00eat"},"previousItem":{"@type":"ListItem","@id":"https:\/\/balticfootballnews.com\/fr#listItem","name":"Home"}},{"@type":"ListItem","@id":"https:\/\/balticfootballnews.com\/fr\/patrik-kristal-rejoint-le-champion-suisse-fc-thun-en-pret\/#listItem","position":3,"name":"Patrik Kristal rejoint le champion suisse FC Thun en pr\u00eat","previousItem":{"@type":"ListItem","@id":"https:\/\/balticfootballnews.com\/fr\/category\/ee-abroad\/#listItem","name":"Estoniens \u00e0 l'\u00e9tranger"}}]},{"@type":"Organization","@id":"https:\/\/balticfootballnews.com\/fr\/#organization","name":"L\u2019actualit\u00e9 du football balte","description":"Des actualit\u00e9s sur le football letton, lituanien et estonien en fran\u00e7ais","url":"https:\/\/balticfootballnews.com\/fr\/"},{"@type":"Person","@id":"https:\/\/balticfootballnews.com\/fr\/author\/thebalticfootball\/#author","url":"https:\/\/balticfootballnews.com\/fr\/author\/thebalticfootball\/","name":"Ivo","image":{"@type":"ImageObject","@id":"https:\/\/balticfootballnews.com\/fr\/patrik-kristal-rejoint-le-champion-suisse-fc-thun-en-pret\/#authorImage","url":"https:\/\/secure.gravatar.com\/avatar\/7d3bcd89c7c838f097c8ab19f827f742de39ae7fe6495c1d6fd27c6309404b78?s=96&d=mm&r=g","width":96,"height":96,"caption":"Ivo"}},{"@type":"WebPage","@id":"https:\/\/balticfootballnews.com\/fr\/patrik-kristal-rejoint-le-champion-suisse-fc-thun-en-pret\/#webpage","url":"https:\/\/balticfootballnews.com\/fr\/patrik-kristal-rejoint-le-champion-suisse-fc-thun-en-pret\/","name":"Patrik Kristal rejoint le champion suisse FC Thun en pr\u00eat - L\u2019actualit\u00e9 du football balte","description":"Le milieu de terrain estonien Patrik Kristal a rejoint le champion suisse FC Thun en provenance du 1. FC K\u00f6ln dans le cadre d\u2019un pr\u00eat initial d\u2019un an. Le joueur de 18 ans, qui f\u00eatera ses 19 ans en novembre, retrouvera son compatriote Mattias K\u00e4it en Suisse. Thun dispose \u00e9galement d\u2019une option d\u2019achat \u00e0 l\u2019issue de la p\u00e9riode de pr\u00eat.","inLanguage":"fr-FR","isPartOf":{"@id":"https:\/\/balticfootballnews.com\/fr\/#website"},"breadcrumb":{"@id":"https:\/\/balticfootballnews.com\/fr\/patrik-kristal-rejoint-le-champion-suisse-fc-thun-en-pret\/#breadcrumblist"},"author":{"@id":"https:\/\/balticfootballnews.com\/fr\/author\/thebalticfootball\/#author"},"creator":{"@id":"https:\/\/balticfootballnews.com\/fr\/author\/thebalticfootball\/#author"},"image":{"@type":"ImageObject","url":"https:\/\/i0.wp.com\/balticfootballnews.com\/fr\/wp-content\/uploads\/sites\/4\/2026\/09\/patrik-kristal-rejoint-le-champion-suisse-fc-thun-en-pret.webp?fit=1922%2C1282&ssl=1","@id":"https:\/\/balticfootballnews.com\/fr\/patrik-kristal-rejoint-le-champion-suisse-fc-thun-en-pret\/#mainImage","width":1922,"height":1282,"caption":"Patrik Kristal. Photo : Thun"},"primaryImageOfPage":{"@id":"https:\/\/balticfootballnews.com\/fr\/patrik-kristal-rejoint-le-champion-suisse-fc-thun-en-pret\/#mainImage"},"datePublished":"2026-09-01T16:27:38+03:00","dateModified":"2026-09-01T16:27:38+03:00"},{"@type":"WebSite","@id":"https:\/\/balticfootballnews.com\/fr\/#website","url":"https:\/\/balticfootballnews.com\/fr\/","name":"L\u2019actualit\u00e9 du football balte","description":"Des actualit\u00e9s sur le football letton, lituanien et estonien en fran\u00e7ais","inLanguage":"fr-FR","publisher":{"@id":"https:\/\/balticfootballnews.com\/fr\/#organization"}}]},"og:locale":"fr_FR","og:site_name":"L\u2019actualit\u00e9 du football balte - Des actualit\u00e9s sur le football letton, lituanien et estonien en fran\u00e7ais","og:type":"article","og:title":"Patrik Kristal rejoint le champion suisse FC Thun en pr\u00eat - L\u2019actualit\u00e9 du football balte","og:description":"Le milieu de terrain estonien Patrik Kristal a rejoint le champion suisse FC Thun en provenance du 1. FC K\u00f6ln dans le cadre d\u2019un pr\u00eat initial d\u2019un an. Le joueur de 18 ans, qui f\u00eatera ses 19 ans en novembre, retrouvera son compatriote Mattias K\u00e4it en Suisse. Thun dispose \u00e9galement d\u2019une option d\u2019achat \u00e0 l\u2019issue de la p\u00e9riode de pr\u00eat.","og:url":"https:\/\/balticfootballnews.com\/fr\/patrik-kristal-rejoint-le-champion-suisse-fc-thun-en-pret\/","og:image":"https:\/\/balticfootballnews.com\/fr\/wp-content\/uploads\/sites\/4\/2026\/09\/patrik-kristal-rejoint-le-champion-suisse-fc-thun-en-pret.webp","og:image:secure_url":"https:\/\/balticfootballnews.com\/fr\/wp-content\/uploads\/sites\/4\/2026\/09\/patrik-kristal-rejoint-le-champion-suisse-fc-thun-en-pret.webp","og:image:width":1922,"og:image:height":1282,"article:published_time":"2026-09-01T13:27:38+00:00","article:modified_time":"2026-09-01T13:27:38+00:00","article:publisher":"https:\/\/www.facebook.com\/profile.php?id=61588293717850#","twitter:card":"summary_large_image","twitter:title":"Patrik Kristal rejoint le champion suisse FC Thun en pr\u00eat - L\u2019actualit\u00e9 du football balte","twitter:description":"Le milieu de terrain estonien Patrik Kristal a rejoint le champion suisse FC Thun en provenance du 1. FC K\u00f6ln dans le cadre d\u2019un pr\u00eat initial d\u2019un an. Le joueur de 18 ans, qui f\u00eatera ses 19 ans en novembre, retrouvera son compatriote Mattias K\u00e4it en Suisse. Thun dispose \u00e9galement d\u2019une option d\u2019achat \u00e0 l\u2019issue de la p\u00e9riode de pr\u00eat.","twitter:image":"https:\/\/balticfootballnews.com\/fr\/wp-content\/uploads\/sites\/4\/2026\/09\/patrik-kristal-rejoint-le-champion-suisse-fc-thun-en-pret.webp"},"aioseo_meta_data":[],"aioseo_breadcrumb":"<div class=\"aioseo-breadcrumbs\"><span class=\"aioseo-breadcrumb\">\n\t\t\t<a href=\"https:\/\/balticfootballnews.com\/fr\" title=\"Home\">Home<\/a>\n\t\t<\/span><span class=\"aioseo-breadcrumb-separator\">&raquo;<\/span><span class=\"aioseo-breadcrumb\">\n\t\t\t<a href=\"https:\/\/balticfootballnews.com\/fr\/category\/ee-abroad\/\" title=\"Estoniens \u00e0 l&#039;\u00e9tranger\">Estoniens \u00e0 l'\u00e9tranger<\/a>\n\t\t<\/span><span class=\"aioseo-breadcrumb-separator\">&raquo;<\/span><span class=\"aioseo-breadcrumb\">\n\t\t\tPatrik Kristal rejoint le champion suisse FC Thun en pr\u00eat\n\t\t<\/span><\/div>","aioseo_breadcrumb_json":[{"label":"Home","link":"https:\/\/balticfootballnews.com\/fr"},{"label":"Estoniens \u00e0 l'\u00e9tranger","link":"https:\/\/balticfootballnews.com\/fr\/category\/ee-abroad\/"},{"label":"Patrik Kristal rejoint le champion suisse FC Thun en pr\u00eat","link":"https:\/\/balticfootballnews.com\/fr\/patrik-kristal-rejoint-le-champion-suisse-fc-thun-en-pret\/"}],"jetpack_featured_media_url":"https:\/\/i0.wp.com\/balticfootballnews.com\/fr\/wp-content\/uploads\/sites\/4\/2026\/09\/patrik-kristal-rejoint-le-champion-suisse-fc-thun-en-pret.webp?fit=1922%2C1282&ssl=1","jetpack_sharing_enabled":true,"_links":{"self":[{"href":"https:\/\/balticfootballnews.com\/fr\/wp-json\/wp\/v2\/posts\/5405","targetHints":{"allow":["GET"]}}],"collection":[{"href":"https:\/\/balticfootballnews.com\/fr\/wp-json\/wp\/v2\/posts"}],"about":[{"href":"https:\/\/balticfootballnews.com\/fr\/wp-json\/wp\/v2\/types\/post"}],"author":[{"embeddable":true,"href":"https:\/\/balticfootballnews.com\/fr\/wp-json\/wp\/v2\/users\/1"}],"replies":[{"embeddable":true,"href":"https:\/\/balticfootballnews.com\/fr\/wp-json\/wp\/v2\/comments?post=5405"}],"version-history":[{"count":0,"href":"https:\/\/balticfootballnews.com\/fr\/wp-json\/wp\/v2\/posts\/5405\/revisions"}],"wp:featuredmedia":[{"embeddable":true,"href":"https:\/\/balticfootballnews.com\/fr\/wp-json\/wp\/v2\/media\/5404"}],"wp:attachment":[{"href":"https:\/\/balticfootballnews.com\/fr\/wp-json\/wp\/v2\/media?parent=5405"}],"wp:term":[{"taxonomy":"category","embeddable":true,"href":"https:\/\/balticfootballnews.com\/fr\/wp-json\/wp\/v2\/categories?post=5405"},{"taxonomy":"post_tag","embeddable":true,"href":"https:\/\/balticfootballnews.com\/fr\/wp-json\/wp\/v2\/tags?post=5405"}],"curies":[{"name":"wp","href":"https:\/\/api.w.org\/{rel}","templated":true}]}}