{"id":3679,"date":"2026-04-25T09:27:27","date_gmt":"2026-04-25T06:27:27","guid":{"rendered":"https:\/\/balticfootballnews.com\/fr\/strods-marque-apres-huit-secondes-mais-bohemians-perd-le-derby-de-dublin-contre-st-patricks-athletic\/"},"modified":"2026-04-25T09:27:27","modified_gmt":"2026-04-25T06:27:27","slug":"strods-marque-apres-huit-secondes-mais-bohemians-perd-le-derby-de-dublin-contre-st-patricks-athletic","status":"publish","type":"post","link":"https:\/\/balticfootballnews.com\/fr\/strods-marque-apres-huit-secondes-mais-bohemians-perd-le-derby-de-dublin-contre-st-patricks-athletic\/","title":{"rendered":"Strods marque apr\u00e8s huit secondes, mais Bohemians perd le derby de Dublin contre St Patrick\u2019s Athletic"},"content":{"rendered":"<p>Le milieu letton des moins de 21 ans Markuss Strods a marqu\u00e9 apr\u00e8s seulement huit secondes vendredi, mais Bohemians se sont inclin\u00e9s 3-1 face \u00e0 St Patrick\u2019s Athletic dans le derby de Dublin, en League of Ireland Premier Division.<\/p>\n<p>Strods a frapp\u00e9 quasiment sur l\u2019engagement \u00e0 Richmond Park, \u00e0 Inchicore, avec une finition ma\u00eetris\u00e9e au ras du poteau du gardien local pour son premier but dans l\u2019\u00e9lite. Le joueur de 19 ans a \u00e9galement disput\u00e9, pour la premi\u00e8re fois, l\u2019int\u00e9gralit\u00e9 d\u2019un match (90 minutes) dans la division.<\/p>\n<p>L\u2019avantage \u00e9clair de Bohemians n\u2019a toutefois pas dur\u00e9. St Patrick\u2019s a \u00e9galis\u00e9 \u00e0 la 10e minute avant de prendre l\u2019avantage en fin de premi\u00e8re p\u00e9riode, et Bohemians n\u2019ont pas su r\u00e9agir, voyant leur s\u00e9rie sans victoire s\u2019\u00e9tirer \u00e0 sept matches.<\/p>\n<p>Strods a d\u00e9sormais disput\u00e9 huit matches de championnat cette saison et d\u00e9livr\u00e9 deux passes d\u00e9cisives. Il avait aussi trouv\u00e9 le chemin des filets avec la s\u00e9lection U21 de la Lettonie lors du nul (1-1) contre la G\u00e9orgie fin mars.<\/p>\n<p>___________________<br \/>\nSource : https:\/\/sportacentrs.com\/futbols\/legionari\/24042026-markuss_strods_iesit_vienus_no_agrakajiem<\/p>\n","protected":false},"excerpt":{"rendered":"<p>Le milieu letton des moins de 21 ans Markuss Strods a marqu\u00e9 apr\u00e8s huit secondes pour Bohemians lors du derby de Dublin vendredi \u00e0 Richmond Park, mais son \u00e9quipe s\u2019est inclin\u00e9e 3-1 face \u00e0 St Patrick\u2019s Athletic. La frappe du joueur de 19 ans \u00e9tait son premier but en League of Ireland Premier Division et elle est intervenue lors de sa premi\u00e8re apparition compl\u00e8te de 90 minutes.<\/p>\n","protected":false},"author":1,"featured_media":3678,"comment_status":"open","ping_status":"open","sticky":false,"template":"","format":"standard","meta":{"nf_dc_page":"","cybocfi_hide_featured_image":"","_jetpack_memberships_contains_paid_content":false,"footnotes":"","_wpscppro_dont_share_socialmedia":false,"_wpscppro_custom_social_share_image":0,"_facebook_share_type":"","_twitter_share_type":"","_linkedin_share_type":"","_pinterest_share_type":"","_linkedin_share_type_page":"","_instagram_share_type":"","_medium_share_type":"","_threads_share_type":"","_google_business_share_type":"","_selected_social_profile":[],"_wpsp_enable_custom_social_template":false,"_wpsp_social_scheduling":{"enabled":false,"datetime":null,"platforms":[],"status":"template_only","dateOption":"today","timeOption":"now","customDays":"","customHours":"","customDate":"","customTime":"","schedulingType":"absolute"},"_wpsp_active_default_template":true},"categories":[39],"tags":[],"class_list":["post-3679","post","type-post","status-publish","format-standard","has-post-thumbnail","hentry","category-lv-abroad"],"aioseo_notices":[],"jetpack_featured_media_url":"https:\/\/i0.wp.com\/balticfootballnews.com\/fr\/wp-content\/uploads\/sites\/4\/2026\/04\/strods-marque-apres-huit-secondes-mais-bohemians-perd-le-derby-de-dublin-contre-st-patrick-s-athletic.webp?fit=1204%2C679&ssl=1","jetpack_sharing_enabled":true,"_links":{"self":[{"href":"https:\/\/balticfootballnews.com\/fr\/wp-json\/wp\/v2\/posts\/3679","targetHints":{"allow":["GET"]}}],"collection":[{"href":"https:\/\/balticfootballnews.com\/fr\/wp-json\/wp\/v2\/posts"}],"about":[{"href":"https:\/\/balticfootballnews.com\/fr\/wp-json\/wp\/v2\/types\/post"}],"author":[{"embeddable":true,"href":"https:\/\/balticfootballnews.com\/fr\/wp-json\/wp\/v2\/users\/1"}],"replies":[{"embeddable":true,"href":"https:\/\/balticfootballnews.com\/fr\/wp-json\/wp\/v2\/comments?post=3679"}],"version-history":[{"count":0,"href":"https:\/\/balticfootballnews.com\/fr\/wp-json\/wp\/v2\/posts\/3679\/revisions"}],"wp:featuredmedia":[{"embeddable":true,"href":"https:\/\/balticfootballnews.com\/fr\/wp-json\/wp\/v2\/media\/3678"}],"wp:attachment":[{"href":"https:\/\/balticfootballnews.com\/fr\/wp-json\/wp\/v2\/media?parent=3679"}],"wp:term":[{"taxonomy":"category","embeddable":true,"href":"https:\/\/balticfootballnews.com\/fr\/wp-json\/wp\/v2\/categories?post=3679"},{"taxonomy":"post_tag","embeddable":true,"href":"https:\/\/balticfootballnews.com\/fr\/wp-json\/wp\/v2\/tags?post=3679"}],"curies":[{"name":"wp","href":"https:\/\/api.w.org\/{rel}","templated":true}]}}