{"id":3164,"date":"2026-03-09T14:43:56","date_gmt":"2026-03-09T12:43:56","guid":{"rendered":"https:\/\/balticfootballnews.com\/fr\/modou-saidy-a-marque-des-points-contre-ogre-mais-peut-il-vraiment-prtetendre-une-place-dans-le-onze-de-dpart\/"},"modified":"2026-03-09T14:48:17","modified_gmt":"2026-03-09T12:48:17","slug":"modou-saidy-a-marque-des-points-contre-ogre-mais-peut-il-vraiment-prtetendre-une-place-dans-le-onze-de-dpart","status":"publish","type":"post","link":"https:\/\/balticfootballnews.com\/fr\/modou-saidy-a-marque-des-points-contre-ogre-mais-peut-il-vraiment-prtetendre-une-place-dans-le-onze-de-dpart\/","title":{"rendered":"Modou Saidy a impressionn\u00e9 contre Ogre \u2013 mais peut-il vraiment pr\u00e9tendre \u00e0 une place dans le onze de d\u00e9part ?"},"content":{"rendered":"<p><em>par Gregors Spricis<\/em><\/p>\n<p data-start=\"115\" data-end=\"298\">La performance de Modou Saidy lors du match d\u2019ouverture du RFS contre Ogre United a satisfait Viktors Morozs, l\u2019entra\u00eeneur letton ayant salu\u00e9 le jeune Gambien en conf\u00e9rence de presse.<\/p>\n<p data-start=\"300\" data-end=\"761\">Saidy a \u00e9t\u00e9 le visage le plus surprenant, apr\u00e8s Kingsley Emenike (qui avait sign\u00e9 seulement quelques jours plus t\u00f4t), dans le onze de d\u00e9part annonc\u00e9 par le RFS une heure avant le coup d\u2019envoi de la nouvelle saison de Virsliga. Au lieu de Strahinja Raki\u010d, Rasid Njie ou de la nouvelle recrue Matheus Clemente, c\u2019est le milieu gambien de 20 ans, qui avait pass\u00e9 la seconde moiti\u00e9 de la saison derni\u00e8re en pr\u00eat \u00e0 Daugavpils, qui a d\u00e9but\u00e9 aux c\u00f4t\u00e9s de Stefan Pani\u010d.<\/p>\n<p data-start=\"763\" data-end=\"989\">\u00c0 Daugavpils, son poste principal \u00e9tait ailier droit, une position qu\u2019il avait \u00e9galement occup\u00e9e lors de certains matches amicaux de pr\u00e9-saison du RFS. Pourtant, sa position sur le terrain contre Ogre \u00e9tait \u00e0 l\u2019oppos\u00e9 complet.<\/p>\n<p data-start=\"991\" data-end=\"1312\">Saidy a \u00e9volu\u00e9 dans un double pivot avec l\u2019exp\u00e9riment\u00e9 Pani\u010d, ce qui repr\u00e9sentait un nouveau d\u00e9fi ainsi qu\u2019une occasion de faire ses preuves aupr\u00e8s de l\u2019entra\u00eeneur Viktors Morozs, qui a choisi de r\u00e9compenser son travail durant la pr\u00e9-saison en le conservant au club plut\u00f4t qu\u2019en le pr\u00eatant \u00e0 une autre \u00e9quipe de Virsliga.<\/p>\n<p data-start=\"991\" data-end=\"1312\"><img decoding=\"async\" loading=\"lazy\" src=\"https:\/\/i0.wp.com\/balticfootballnews.com\/wp-content\/uploads\/2026\/03\/55057898552_35df5d0331_o-scaled.jpg?fit=1024%2C683&amp;ssl=1\" \/><\/p>\n<p data-start=\"1314\" data-end=\"1386\"><em data-start=\"1314\" data-end=\"1386\">Saidy a r\u00e9ussi une bonne pr\u00e9-saison avec le RFS, inscrivant deux buts.<\/em><\/p>\n<p data-start=\"1388\" data-end=\"1603\">\u00ab Lui (Saidy) fait partie des joueurs qui, avant la saison, sans savoir s\u2019il allait rester ou partir en pr\u00eat, ont montr\u00e9 qu\u2019ils \u00e9taient capables m\u00eame de jouer dans le onze de d\u00e9part. Je suis tr\u00e8s heureux pour lui. \u00bb<\/p>\n<p data-start=\"1605\" data-end=\"1825\">Les \u00e9loges de Morozs envers Saidy \u00e9taient justifi\u00e9s, car le r\u00f4le plus d\u00e9fensif de Pani\u010d a permis \u00e0 Saidy d\u2019\u00e9voluer plus haut sur le terrain, en allant chercher des r\u00e9cup\u00e9rations et en jouant des ballons entre les lignes.<\/p>\n<p data-start=\"1605\" data-end=\"1825\"><img decoding=\"async\" loading=\"lazy\" src=\"https:\/\/i0.wp.com\/balticfootballnews.com\/wp-content\/uploads\/2026\/03\/Untitled-1.webp?fit=1024%2C819&amp;ssl=1\" \/><\/p>\n<p data-start=\"1827\" data-end=\"1916\"><em data-start=\"1827\" data-end=\"1916\">Positions des joueurs du RFS lors des deux mi-temps du match, StatsWithMatiss\/soccerway<\/em><\/p>\n<p data-start=\"1918\" data-end=\"1980\">Ici, on voit Saidy presser plus haut sur le terrain que Pani\u010d.<\/p>\n<p data-start=\"1918\" data-end=\"1980\"><img decoding=\"async\" loading=\"lazy\" src=\"https:\/\/i0.wp.com\/balticfootballnews.com\/wp-content\/uploads\/2026\/03\/Screenshot-2026-03-09-at-11.17.57-scaled.webp?fit=1024%2C534&amp;ssl=1\" \/><\/p>\n<p data-start=\"1918\" data-end=\"1980\"><img decoding=\"async\" loading=\"lazy\" src=\"https:\/\/i0.wp.com\/balticfootballnews.com\/wp-content\/uploads\/2026\/03\/Screenshot-2026-03-09-at-11.18.14-scaled.webp?fit=1024%2C533&amp;ssl=1\" \/><\/p>\n<p data-start=\"1982\" data-end=\"2068\">Il r\u00e9cup\u00e8re le ballon et le transmet imm\u00e9diatement \u00e0 J\u0101nis Ikaunieks entre les lignes.<\/p>\n<p data-start=\"1982\" data-end=\"2068\"><img decoding=\"async\" loading=\"lazy\" src=\"https:\/\/i0.wp.com\/balticfootballnews.com\/wp-content\/uploads\/2026\/03\/Screenshot-2026-03-09-at-11.18.22-scaled.webp?fit=1024%2C533&amp;ssl=1\" \/><\/p>\n<p data-start=\"1982\" data-end=\"2068\"><img decoding=\"async\" loading=\"lazy\" src=\"https:\/\/i0.wp.com\/balticfootballnews.com\/wp-content\/uploads\/2026\/03\/Screenshot-2026-03-09-at-11.18.33-scaled.webp?fit=1024%2C533&amp;ssl=1\" \/><\/p>\n<p data-start=\"2070\" data-end=\"2281\">Au final, le RFS se procure une tr\u00e8s belle occasion de but, puisque Ikaunieks peut soit frapper lui-m\u00eame, soit passer \u00e0 Emenike. Il choisit de tirer, mais sa frappe est trop faible et directement sur le gardien.<\/p>\n<p data-start=\"2070\" data-end=\"2281\"><img decoding=\"async\" loading=\"lazy\" src=\"https:\/\/i0.wp.com\/balticfootballnews.com\/wp-content\/uploads\/2026\/03\/Screenshot-2026-03-09-at-11.18.49-1-scaled.webp?fit=1024%2C533&amp;ssl=1\" \/><\/p>\n<p data-start=\"2283\" data-end=\"2619\">Saidy a totalis\u00e9 11 r\u00e9cup\u00e9rations, auxquelles s\u2019ajoutent trois fautes subies lorsqu\u2019il \u00e9tait en possession du ballon. Dans l\u2019ensemble, il a livr\u00e9 une performance impressionnante, et l\u2019on peut \u00e9tablir des parall\u00e8les avec l\u2019ancien joueur du RFS Adam Marhiev, qui avait lui aussi connu des d\u00e9buts rapides au RFS une fois sa chance obtenue.<\/p>\n<p data-start=\"2621\" data-end=\"2759\">Saidy s\u2019est rendu disponible pour ses co\u00e9quipiers durant toute la rencontre avant d\u2019\u00eatre remplac\u00e9 dans le temps additionnel par Mor Talla.<\/p>\n<p data-start=\"2761\" data-end=\"2880\">En conf\u00e9rence de presse apr\u00e8s le match, Morozs l\u2019a m\u00eame l\u00e9g\u00e8rement compar\u00e9 \u00e0 l\u2019ancien capitaine du RFS, Tomislav \u0160ari\u010d.<\/p>\n<p data-start=\"2882\" data-end=\"3109\">\u00ab Saidy a fait un tr\u00e8s bon match ; il a bien travaill\u00e9 pour nous. Il est tr\u00e8s diff\u00e9rent de nos anciens milieux de terrain. Par son intelligence et sa mentalit\u00e9, on peut le comparer \u00e0 \u0160ari\u010d. Il est tr\u00e8s d\u00e9licat avec le ballon. \u00bb<\/p>\n<p data-start=\"3111\" data-end=\"3457\">Le jeune milieu est clairement un joueur \u00e0 suivre cette saison, mais on ne peut pas ignorer le fait que sa place dans le onze de d\u00e9part s\u2019explique aussi en partie par l\u2019absence de Strahinja Raki\u010d lors du stage en Turquie, apr\u00e8s une blessure subie lors du match pr\u00e9c\u00e9dent contre le \u017dalgiris Vilnius, ainsi que par une micro-blessure de Rasid Njie.<\/p>\n<p data-start=\"3111\" data-end=\"3457\"><img decoding=\"async\" loading=\"lazy\" src=\"https:\/\/i0.wp.com\/balticfootballnews.com\/wp-content\/uploads\/2026\/03\/54834248484_dfb9301f23_o-scaled.jpg?fit=1024%2C683&amp;ssl=1\" \/><\/p>\n<p data-start=\"3459\" data-end=\"3535\"><em data-start=\"3459\" data-end=\"3535\">Raki\u010d a rejoint le RFS pour un montant rapport\u00e9 de 500 000 \u20ac \u00e0 l\u2019\u00e9t\u00e9 2025.<\/em><\/p>\n<p data-start=\"3537\" data-end=\"3928\">Ces deux joueurs auraient tr\u00e8s probablement d\u00e9but\u00e9 devant lui en raison de leur exp\u00e9rience et de leur potentiel de revente pour des sommes importantes s\u2019ils n\u2019avaient pas \u00e9t\u00e9 indisponibles. Le RFS avait d\u00e9j\u00e0 re\u00e7u en hiver une offre de 1,5 million d\u2019euros pour Raki\u010d de la part d\u2019une \u00e9quipe de MLS non identifi\u00e9e, tandis que Njie avait auparavant suscit\u00e9 l\u2019int\u00e9r\u00eat du club belge d\u2019Anderlecht.<\/p>\n<p data-start=\"3930\" data-end=\"4234\" data-is-last-node=\"\" data-is-only-node=\"\">Cependant, Saidy a d\u00e9sormais une belle opportunit\u00e9 de continuer \u00e0 gagner la confiance de Morozs et de se battre pour une place dans le onze de d\u00e9part pendant que ses compatriotes attendent de revenir en action. Une autre grande performance contre Liep\u0101ja vendredi constituerait un pas important en avant.<\/p>\n","protected":false},"excerpt":{"rendered":"<p>Modou Saidy a marqu\u00e9 des points lors du match d\u2019ouverture du RFS contre Ogre United. Align\u00e9 dans un r\u00f4le inhabituel au milieu, le jeune Gambien de 20 ans a impressionn\u00e9 par son activit\u00e9, ses r\u00e9cup\u00e9rations et sa qualit\u00e9 avec le ballon. Reste d\u00e9sormais \u00e0 savoir s\u2019il peut durablement s\u2019imposer dans le onze de d\u00e9part.<\/p>\n","protected":false},"author":1,"featured_media":3163,"comment_status":"open","ping_status":"open","sticky":false,"template":"","format":"standard","meta":{"nf_dc_page":"","cybocfi_hide_featured_image":"","_jetpack_memberships_contains_paid_content":false,"footnotes":"","_wpscppro_dont_share_socialmedia":false,"_wpscppro_custom_social_share_image":0,"_facebook_share_type":"","_twitter_share_type":"","_linkedin_share_type":"","_pinterest_share_type":"","_linkedin_share_type_page":"","_instagram_share_type":"","_medium_share_type":"","_threads_share_type":"","_google_business_share_type":"","_selected_social_profile":[],"_wpsp_enable_custom_social_template":false,"_wpsp_social_scheduling":{"enabled":false,"datetime":null,"platforms":[],"status":"template_only","dateOption":"today","timeOption":"now","customDays":"","customHours":"","customDate":"","customTime":"","schedulingType":"absolute"},"_wpsp_active_default_template":true},"categories":[36,30],"tags":[],"class_list":["post-3164","post","type-post","status-publish","format-standard","has-post-thumbnail","hentry","category-insights","category-virsliga"],"aioseo_notices":[],"jetpack_featured_media_url":"https:\/\/i0.wp.com\/balticfootballnews.com\/fr\/wp-content\/uploads\/sites\/4\/2026\/03\/modou-saidy-a-marque-des-points-contre-ogre-mais-peut-il-vraiment-pr-tetendre-une-place-dans-le-onze-de-d-part-scaled.webp?fit=2560%2C1708&ssl=1","jetpack_sharing_enabled":true,"_links":{"self":[{"href":"https:\/\/balticfootballnews.com\/fr\/wp-json\/wp\/v2\/posts\/3164","targetHints":{"allow":["GET"]}}],"collection":[{"href":"https:\/\/balticfootballnews.com\/fr\/wp-json\/wp\/v2\/posts"}],"about":[{"href":"https:\/\/balticfootballnews.com\/fr\/wp-json\/wp\/v2\/types\/post"}],"author":[{"embeddable":true,"href":"https:\/\/balticfootballnews.com\/fr\/wp-json\/wp\/v2\/users\/1"}],"replies":[{"embeddable":true,"href":"https:\/\/balticfootballnews.com\/fr\/wp-json\/wp\/v2\/comments?post=3164"}],"version-history":[{"count":2,"href":"https:\/\/balticfootballnews.com\/fr\/wp-json\/wp\/v2\/posts\/3164\/revisions"}],"predecessor-version":[{"id":3166,"href":"https:\/\/balticfootballnews.com\/fr\/wp-json\/wp\/v2\/posts\/3164\/revisions\/3166"}],"wp:featuredmedia":[{"embeddable":true,"href":"https:\/\/balticfootballnews.com\/fr\/wp-json\/wp\/v2\/media\/3163"}],"wp:attachment":[{"href":"https:\/\/balticfootballnews.com\/fr\/wp-json\/wp\/v2\/media?parent=3164"}],"wp:term":[{"taxonomy":"category","embeddable":true,"href":"https:\/\/balticfootballnews.com\/fr\/wp-json\/wp\/v2\/categories?post=3164"},{"taxonomy":"post_tag","embeddable":true,"href":"https:\/\/balticfootballnews.com\/fr\/wp-json\/wp\/v2\/tags?post=3164"}],"curies":[{"name":"wp","href":"https:\/\/api.w.org\/{rel}","templated":true}]}}